{"id":3470,"date":"2019-03-29T15:22:41","date_gmt":"2019-03-29T14:22:41","guid":{"rendered":"https:\/\/dollsanddolls.com\/blog\/?p=3470"},"modified":"2023-06-02T09:15:40","modified_gmt":"2023-06-02T08:15:40","slug":"portada-dolla-abril","status":"publish","type":"post","link":"https:\/\/dollsanddolls.com\/blog\/portada-dolla-abril\/","title":{"rendered":"PORTADA \u00a1DOLLA! &#8211; ABRIL"},"content":{"rendered":"<h2><img fetchpriority=\"high\" decoding=\"async\" class=\"normal alignright size-large wp-image-3518\" src=\"https:\/\/dollsanddolls.com\/blog\/wp-content\/uploads\/2019\/03\/PORTADA_ABRIL_ALTA_Dolla_page-0001-1-725x1024.jpg\" alt=\"\" width=\"725\" height=\"1024\" srcset=\"https:\/\/dollsanddolls.com\/blog\/wp-content\/uploads\/2019\/03\/PORTADA_ABRIL_ALTA_Dolla_page-0001-1-725x1024.jpg 725w, https:\/\/dollsanddolls.com\/blog\/wp-content\/uploads\/2019\/03\/PORTADA_ABRIL_ALTA_Dolla_page-0001-1-212x300.jpg 212w, https:\/\/dollsanddolls.com\/blog\/wp-content\/uploads\/2019\/03\/PORTADA_ABRIL_ALTA_Dolla_page-0001-1-768x1085.jpg 768w, https:\/\/dollsanddolls.com\/blog\/wp-content\/uploads\/2019\/03\/PORTADA_ABRIL_ALTA_Dolla_page-0001-1-740x1046.jpg 740w, https:\/\/dollsanddolls.com\/blog\/wp-content\/uploads\/2019\/03\/PORTADA_ABRIL_ALTA_Dolla_page-0001-1.jpg 1241w\" sizes=\"(max-width: 725px) 100vw, 725px\" \/><\/h2>\n<h2 style=\"text-align: center;\"><strong>\u00b7 EN PORTADA \u00b7<\/strong><\/h2>\n<h3><strong>LAS GORJUSS CELEBRAN LA PRIMAVERA<\/strong><\/h3>\n<p><img decoding=\"async\" class=\"normal wp-image-3511 alignleft\" src=\"https:\/\/dollsanddolls.com\/blog\/wp-content\/uploads\/2019\/03\/Foto-Portada-Gorjuss-blog-mail.jpg\" alt=\"\" width=\"268\" height=\"268\" srcset=\"https:\/\/dollsanddolls.com\/blog\/wp-content\/uploads\/2019\/03\/Foto-Portada-Gorjuss-blog-mail.jpg 750w, https:\/\/dollsanddolls.com\/blog\/wp-content\/uploads\/2019\/03\/Foto-Portada-Gorjuss-blog-mail-150x150.jpg 150w, https:\/\/dollsanddolls.com\/blog\/wp-content\/uploads\/2019\/03\/Foto-Portada-Gorjuss-blog-mail-300x300.jpg 300w, https:\/\/dollsanddolls.com\/blog\/wp-content\/uploads\/2019\/03\/Foto-Portada-Gorjuss-blog-mail-75x75.jpg 75w, https:\/\/dollsanddolls.com\/blog\/wp-content\/uploads\/2019\/03\/Foto-Portada-Gorjuss-blog-mail-740x740.jpg 740w\" sizes=\"(max-width: 268px) 100vw, 268px\" \/>Siguiendo las costumbres de su pa\u00eds de origen, las <a href=\"https:\/\/dollsanddolls.com\/es\/paola-reina\/gorjuss-santoro\/\" target=\"_blank\" rel=\"noopener noreferrer\">Gorjuss<\/a> han querido celebrar esta primavera con una recogida de huevos de Pascua sorpresa. Ya que no son muy fans de las fiestas valencianas de las Fallas, aprovecharon esos d\u00edas de fiesta para preparar un estupendo d\u00eda primaveral <strong>recogiendo huevos que conten\u00edan alguna sorpresa<\/strong>. Aunque invitaron a muchas m\u00e1s mu\u00f1ecas, muchas se hab\u00edan marchado de vacaciones y fueron pocos los que acudieron. Entre los asistentes pudimos encontrar al Conejito Rosa de Anne Geddes.<\/p>\n<p>Las Gorjuss han asegurado en un comunicado de prensa que lo pasaron en grande y han acompa\u00f1ado sus argumentos con unas preciosas fotos de la velada. En una de ellas pudimos ver que Conejito se hab\u00eda quedado dormido, lo cual suscit\u00f3 ciertas dudas entre los diferentes medios sobre el nivel de diversi\u00f3n de la peque\u00f1a fiesta.<strong> Las Gorjuss no han declarado nada al respecto<\/strong>, pero en \u00a1Dolla! creemos en la veracidad de las palabras de las peque\u00f1as de Paola Reina. \u00a1Seguro que pasaron una velada muy, muy especial!<\/p>\n<hr \/>\n<h3><strong>CAPERUCITA Y EL LOBO PASAN PASCUA EN ONIL<\/strong><\/h3>\n<p><img decoding=\"async\" class=\"normal wp-image-3510 alignleft\" src=\"https:\/\/dollsanddolls.com\/blog\/wp-content\/uploads\/2019\/03\/barriguitas-1.jpg\" alt=\"\" width=\"276\" height=\"243\" srcset=\"https:\/\/dollsanddolls.com\/blog\/wp-content\/uploads\/2019\/03\/barriguitas-1.jpg 588w, https:\/\/dollsanddolls.com\/blog\/wp-content\/uploads\/2019\/03\/barriguitas-1-300x265.jpg 300w\" sizes=\"(max-width: 276px) 100vw, 276px\" \/>Cada a\u00f1o, Caperucita y el Lobo de los<a href=\"https:\/\/dollsanddolls.com\/es\/mu-ecas-barriguitas-de-siempre-15-cm-set-de-caperucita-roja-y-el-lobo\/\" target=\"_blank\" rel=\"noopener noreferrer\"> Barriguitas <\/a>pasan las vacaciones de pascua con la querida abuelita de Caperucita. Tras la reconciliaci\u00f3n hace varios a\u00f1os entre ellos, <strong>los tres pasan juntos todas las pascuas desde entonces<\/strong>. Han disfrutado varios d\u00edas\u00a0de paseos por la monta\u00f1a, alguna que otra torr\u00e0 y tardes muy especiales con ganchillo.<\/p>\n<p>El a\u00f1o que viene, esperamos verlos participar en la recogida de huevos sorpresa de las Gorjuss, a la que -seg\u00fan nuestras fuentes- ya hab\u00edan sido invitados este a\u00f1o pero por motivos que desconocemos decidieron rehusar la propuesta.<\/p>\n<hr \/>\n<h3><strong>LOS RUBENS KIDS VUELAN LA COMETA Y COMEN MONAS<\/strong><\/h3>\n<p><img loading=\"lazy\" decoding=\"async\" class=\"normal wp-image-3514 alignleft\" src=\"https:\/\/dollsanddolls.com\/blog\/wp-content\/uploads\/2019\/03\/kids.jpg\" alt=\"\" width=\"308\" height=\"308\" srcset=\"https:\/\/dollsanddolls.com\/blog\/wp-content\/uploads\/2019\/03\/kids.jpg 750w, https:\/\/dollsanddolls.com\/blog\/wp-content\/uploads\/2019\/03\/kids-150x150.jpg 150w, https:\/\/dollsanddolls.com\/blog\/wp-content\/uploads\/2019\/03\/kids-300x300.jpg 300w, https:\/\/dollsanddolls.com\/blog\/wp-content\/uploads\/2019\/03\/kids-75x75.jpg 75w, https:\/\/dollsanddolls.com\/blog\/wp-content\/uploads\/2019\/03\/kids-740x740.jpg 740w\" sizes=\"(max-width: 308px) 100vw, 308px\" \/>Hace pocos d\u00edas pudimos ver c\u00f3mo los preciosos Kids de <a href=\"https:\/\/dollsanddolls.com\/es\/rubens-barn\/rubens-kids-36-cm\/\" target=\"_blank\" rel=\"noopener noreferrer\">Rubens Barn<\/a> pasaban un estupendo d\u00eda volando la cometa y comiendo monas. Llegaron tambi\u00e9n hace poco, ya que <strong>el resto de Rubens se han quedado en Suecia seg\u00fan nuestras fuentes,<\/strong> porque se encontraban un poco cansados para realizar un viaje tan largo.<\/p>\n<p>A\u00fan as\u00ed, los hemos visto tan adorables y tan risue\u00f1os como siempre y, desde \u00a1Dolla! esperamos volver a verlos pronto por tierras valencianas este pr\u00f3ximo verano.<\/p>\n<hr \/>\n<h3><strong>MARIQUITA P\u00c9REZ ACUDE A LA SEMANA SANTA DE SU PUEBLO<\/strong><\/h3>\n<p><img loading=\"lazy\" decoding=\"async\" class=\"normal wp-image-3513 alignleft\" src=\"https:\/\/dollsanddolls.com\/blog\/wp-content\/uploads\/2019\/03\/mariquita-nazareno.jpg\" alt=\"\" width=\"391\" height=\"282\" srcset=\"https:\/\/dollsanddolls.com\/blog\/wp-content\/uploads\/2019\/03\/mariquita-nazareno.jpg 600w, https:\/\/dollsanddolls.com\/blog\/wp-content\/uploads\/2019\/03\/mariquita-nazareno-300x217.jpg 300w\" sizes=\"(max-width: 391px) 100vw, 391px\" \/><a href=\"https:\/\/dollsanddolls.com\/es\/mariquita-perez\/munecas-mariquita-perez\/\" target=\"_blank\" rel=\"noopener noreferrer\">Mariquita P\u00e9rez<\/a> ha acudido a la procesi\u00f3n de semana santa de su pueblo junto a su marido Alexandre, que ha acompa\u00f1ado a la colivenca en el pasacalles ataviado con un solemne traje de nazareno. El equipo de Dolla tuvo que trasladarse al evento de la Expo Doll Show Valencia y, por tanto, <strong>s\u00f3lo tenemos una imagen del evento<\/strong> en la cual podemos observar desfilar a Mariquita con la cofrad\u00eda.<\/p>\n<p>Tras conocer la noticia, nos hemos puesto en contacto con Mari para conseguir algunas declaraciones. \u00abFueron unos d\u00edas m\u00e1gicos y <strong>estoy muy contenta de que Alexandre comparta mis tradiciones<\/strong>. Estoy realmente muy feliz\u00bb. La pareja, que cumplir\u00e1 un a\u00f1o de casados el pr\u00f3ximo mayo, se encuentra ahora en la ciudad de Madrid con motivo de\u00a0algunos negocios de Alexandre. Veremos qu\u00e9 sorpresa nos tienen preparada para su primer aniversario como marido y mujer.<\/p>\n<hr \/>\n<p>&nbsp;<\/p>\n","protected":false},"excerpt":{"rendered":"<p>\u00b7 EN PORTADA \u00b7 LAS GORJUSS CELEBRAN LA PRIMAVERA Siguiendo las costumbres de su pa\u00eds de origen, las Gorjuss han querido celebrar esta primavera con una recogida de huevos de Pascua sorpresa. Ya que no son muy fans de las fiestas valencianas de las Fallas, aprovecharon esos d\u00edas de fiesta para preparar un estupendo d\u00eda&hellip;&nbsp;<a href=\"https:\/\/dollsanddolls.com\/blog\/portada-dolla-abril\/\" class=\"\" rel=\"bookmark\">Leer m\u00e1s &raquo;<span class=\"screen-reader-text\">PORTADA \u00a1DOLLA! &#8211; ABRIL<\/span><\/a><\/p>\n","protected":false},"author":10,"featured_media":2807,"comment_status":"open","ping_status":"open","sticky":false,"template":"","format":"standard","meta":{"neve_meta_sidebar":"","neve_meta_container":"","neve_meta_enable_content_width":"","neve_meta_content_width":0,"neve_meta_title_alignment":"","neve_meta_author_avatar":"","neve_post_elements_order":"","neve_meta_disable_header":"","neve_meta_disable_footer":"","neve_meta_disable_title":"","footnotes":""},"categories":[218],"tags":[39,40,222,327],"class_list":["post-3470","post","type-post","status-publish","format-standard","has-post-thumbnail","hentry","category-revista-dolla","tag-gorjuss","tag-munecas-gorjuss","tag-dolla","tag-portada-dolla"],"jetpack_featured_media_url":"https:\/\/dollsanddolls.com\/blog\/wp-content\/uploads\/2018\/10\/dolls-and-dolls-banner-blog-dolla.jpg","_links":{"self":[{"href":"https:\/\/dollsanddolls.com\/blog\/wp-json\/wp\/v2\/posts\/3470","targetHints":{"allow":["GET"]}}],"collection":[{"href":"https:\/\/dollsanddolls.com\/blog\/wp-json\/wp\/v2\/posts"}],"about":[{"href":"https:\/\/dollsanddolls.com\/blog\/wp-json\/wp\/v2\/types\/post"}],"author":[{"embeddable":true,"href":"https:\/\/dollsanddolls.com\/blog\/wp-json\/wp\/v2\/users\/10"}],"replies":[{"embeddable":true,"href":"https:\/\/dollsanddolls.com\/blog\/wp-json\/wp\/v2\/comments?post=3470"}],"version-history":[{"count":10,"href":"https:\/\/dollsanddolls.com\/blog\/wp-json\/wp\/v2\/posts\/3470\/revisions"}],"predecessor-version":[{"id":3519,"href":"https:\/\/dollsanddolls.com\/blog\/wp-json\/wp\/v2\/posts\/3470\/revisions\/3519"}],"wp:featuredmedia":[{"embeddable":true,"href":"https:\/\/dollsanddolls.com\/blog\/wp-json\/wp\/v2\/media\/2807"}],"wp:attachment":[{"href":"https:\/\/dollsanddolls.com\/blog\/wp-json\/wp\/v2\/media?parent=3470"}],"wp:term":[{"taxonomy":"category","embeddable":true,"href":"https:\/\/dollsanddolls.com\/blog\/wp-json\/wp\/v2\/categories?post=3470"},{"taxonomy":"post_tag","embeddable":true,"href":"https:\/\/dollsanddolls.com\/blog\/wp-json\/wp\/v2\/tags?post=3470"}],"curies":[{"name":"wp","href":"https:\/\/api.w.org\/{rel}","templated":true}]}}