{"id":3435,"date":"2019-04-01T15:00:43","date_gmt":"2019-04-01T14:00:43","guid":{"rendered":"https:\/\/dollsanddolls.com\/blog\/?p=3435"},"modified":"2023-06-02T09:15:05","modified_gmt":"2023-06-02T08:15:05","slug":"munecas-y-accesorios-para-primavera","status":"publish","type":"post","link":"https:\/\/dollsanddolls.com\/blog\/munecas-y-accesorios-para-primavera\/","title":{"rendered":"Mu\u00f1ecas y accesorios para primavera"},"content":{"rendered":"<p><strong>Ahora que se acerca el buen tiempo es hora de que pongas a punto tu colecci\u00f3n de mu\u00f1ecas. Te presentamos lo \u00faltimo en tendencias de mu\u00f1ecas y accesorios para primavera 2019.<\/strong><\/p>\n<hr \/>\n<p>Tras el traj\u00edn de las Navidades, los fabricantes se apresuran para presentar sus novedades en ferias como la Spielwarenmesse, de N\u00fcremberg. Estas suelen tener un cariz bastante m\u00e1s primaveral que las vendidas en las fiestas invernales; adem\u00e1s, tambi\u00e9n preparan algunas mu\u00f1ecas de comuni\u00f3n para los peques que la celebren ese mismo a\u00f1o. \u00bfQuieres conocer c\u00f3mo se presentan las nuevas colecciones para este a\u00f1o?<\/p>\n<h2><strong>MU\u00d1ECAS Y ACCESORIOS PARA PRIMAVERA<\/strong><\/h2>\n<h3><strong>MU\u00d1ECAS BEB\u00c9<\/strong><\/h3>\n<figure id=\"attachment_3436\" aria-describedby=\"caption-attachment-3436\" style=\"width: 285px\" class=\"wp-caption alignright\"><img fetchpriority=\"high\" decoding=\"async\" class=\"normal wp-image-3436\" title=\"Mu\u00f1ecas y accesorios para primavera de As\u00ed\" src=\"https:\/\/dollsanddolls.com\/blog\/wp-content\/uploads\/2019\/03\/dolls-and-dolls-muneca-asi-maria-conjunto-rosa-foto-completa-0364580.jpg\" alt=\"Mu\u00f1ecas y accesorios para primavera de As\u00ed\" width=\"285\" height=\"285\" srcset=\"https:\/\/dollsanddolls.com\/blog\/wp-content\/uploads\/2019\/03\/dolls-and-dolls-muneca-asi-maria-conjunto-rosa-foto-completa-0364580.jpg 750w, https:\/\/dollsanddolls.com\/blog\/wp-content\/uploads\/2019\/03\/dolls-and-dolls-muneca-asi-maria-conjunto-rosa-foto-completa-0364580-150x150.jpg 150w, https:\/\/dollsanddolls.com\/blog\/wp-content\/uploads\/2019\/03\/dolls-and-dolls-muneca-asi-maria-conjunto-rosa-foto-completa-0364580-300x300.jpg 300w, https:\/\/dollsanddolls.com\/blog\/wp-content\/uploads\/2019\/03\/dolls-and-dolls-muneca-asi-maria-conjunto-rosa-foto-completa-0364580-75x75.jpg 75w, https:\/\/dollsanddolls.com\/blog\/wp-content\/uploads\/2019\/03\/dolls-and-dolls-muneca-asi-maria-conjunto-rosa-foto-completa-0364580-740x740.jpg 740w\" sizes=\"(max-width: 285px) 100vw, 285px\" \/><figcaption id=\"caption-attachment-3436\" class=\"wp-caption-text\">Mu\u00f1eca Mar\u00eda, marca espa\u00f1ola As\u00ed<\/figcaption><\/figure>\n<p>Las propuestas para esta temporada de mu\u00f1ecas beb\u00e9 son la mar de adorables. Si nos fijamos en las <strong>mu\u00f1ecas de dise\u00f1o de la marca espa\u00f1ola As\u00ed<\/strong>, podemos encontrar parejitas de mu\u00f1ecas muy monas, cuyos vestiditos y ranitas comienzan a tener <strong>tonos claros y a llevar telas m\u00e1s fresquitas<\/strong>. En esta colecci\u00f3n podremos encontrar a mu\u00f1ecas como Mar\u00eda, Pablo \u00f3 Leo.<\/p>\n<p>Al tratarse de una \u00e9poca calurosa, las mu\u00f1ecas deber\u00edan presentarse con prendas m\u00e1s ligeras de lo habitual; es por esto que las mu\u00f1ecas cuyas partes blandas puedan quedar al descubierto se suelen reservar para el invierno. Son, entonces, las <strong>mu\u00f1ecas de cuerpo de vinilo<\/strong> las que m\u00e1s suelen demandarse para estas fechas, pues as\u00ed se evita que pueda llegar a verse la tela de una mu\u00f1eca con el cuerpo relleno y los conjuntos quedan mucho m\u00e1s aseados.<\/p>\n<p>Discernimos, entonces, entre las mu\u00f1ecas que se demandan m\u00e1s en primavera o verano y las que se buscan m\u00e1s en invierno. As\u00ed lo hacen tambi\u00e9n en las empresas que fabrican las mu\u00f1ecas y, por ello, suelen presentar dos colecciones a lo largo del a\u00f1o -aunque esto suele restringirse m\u00e1s a las empresas cuyo volumen de trabajo es m\u00e1s fuerte y su nombre est\u00e1 m\u00e1s asentado en el mercado-. <strong>Muchos \u00e9xitos de Navidad se remodelan<\/strong> y se convierten en una parte esencial del cat\u00e1logo m\u00e1s veraniego de las grandes empresas de fabricaci\u00f3n de mu\u00f1ecas artesanales.<\/p>\n<p style=\"text-align: left;\">Podr\u00edamos afirmar que, a pesar de no tener toques primaverales, la mu\u00f1eca de moda de una de las firmas espa\u00f1olas m\u00e1s demandadas en el mercado es la econ\u00f3mica y adorable <strong>\u00abMi Primer Reborn\u00bb<\/strong>. Acerca a los m\u00e1s peque\u00f1os de la casa el Mundo Reborn sin necesidad de gastar una fortuna y sin tener que padecer por el trato que pueda darle el ni\u00f1o o ni\u00f1a en cuesti\u00f3n. El a\u00f1o pasado sacaron dos modelos a la venta de esta colecci\u00f3n y este a\u00f1o lo han ampliado a seis por su <strong>gran \u00e9xito comercial<\/strong>. Puedes echarles un vistazo haciendo click en el bot\u00f3n que hay bajo la fotograf\u00eda de este \u00abMi Primer Reborn\u00bb Rosa.<img decoding=\"async\" class=\"normal size-large wp-image-3439 aligncenter\" src=\"https:\/\/dollsanddolls.com\/blog\/wp-content\/uploads\/2019\/03\/8151_b-1024x683.jpg\" alt=\"\" width=\"1024\" height=\"683\" srcset=\"https:\/\/dollsanddolls.com\/blog\/wp-content\/uploads\/2019\/03\/8151_b-1024x683.jpg 1024w, https:\/\/dollsanddolls.com\/blog\/wp-content\/uploads\/2019\/03\/8151_b-300x200.jpg 300w, https:\/\/dollsanddolls.com\/blog\/wp-content\/uploads\/2019\/03\/8151_b-768x512.jpg 768w, https:\/\/dollsanddolls.com\/blog\/wp-content\/uploads\/2019\/03\/8151_b-1500x1000.jpg 1500w, https:\/\/dollsanddolls.com\/blog\/wp-content\/uploads\/2019\/03\/8151_b-740x493.jpg 740w\" sizes=\"(max-width: 1024px) 100vw, 1024px\" \/><a target=\"_blank\" class=\"tw-button  custom blue large  shortcode\" href=\"https:\/\/dollsanddolls.com\/es\/antonio-juan\/munecas-antonio-juan\/?modelo=484\" >COMPRAR MI PRIMER REBORN<\/a>\n<hr \/>\n<h3><strong>MU\u00d1ECAS<\/strong><\/h3>\n<p>Como siempre, la tendencia general de primavera es la famosa <strong>mu\u00f1eca de comuni\u00f3n<\/strong>. Si tienes alguna comuni\u00f3n a la vista, podr\u00e1s adquirir una mu\u00f1eca de comuni\u00f3n accediendo a nuestra tienda online <a href=\"https:\/\/dollsanddolls.com\/es\/\" target=\"_blank\" rel=\"noopener noreferrer\">Dolls And Dolls<\/a>. Seguro que encuentras una que le vaya genial a esa personita especial.<\/p>\n<p>Fuera de esto, podemos encontrar diversas mu\u00f1ecas que casan perfectamente con este periodo y pueden ser perfectas tanto para coleccionar como para regalar.\u00a0Las mu\u00f1ecas y accesorios para primavera suelen ser m\u00e1s vistosas para adquirir que las invernales por sus telas coloridas y peinados joviales. Aqu\u00ed te presentamos algunos ejemplos de mu\u00f1eca tipo maniqu\u00ed muy primaverales que podr\u00e1s encontrar en nuestra tienda de mu\u00f1ecas y accesorios.<\/p>\n<p>Seguro que has o\u00eddo hablar de las <strong>mu\u00f1ecas Anekke<\/strong>; esta marca ofrece un par de modelos primaverales estupendos para ornamentar cualquier rinc\u00f3n de la casa. Te recomendamos la preciosa Anekke Nature \u00f3 Anekke Liberty, cuyos aires son totalmente primaverales.<\/p>\n<p style=\"text-align: center;\"><a target=\"_blank\" class=\"tw-button  custom blue large  shortcode\" href=\"https:\/\/dollsanddolls.com\/es\/anekke\/munecas-anekke\/\" >COMPRAR MU\u00d1ECAS ANEKKE<\/a>\n<p style=\"text-align: left;\"><img decoding=\"async\" class=\"normal wp-image-3443 alignright\" src=\"https:\/\/dollsanddolls.com\/blog\/wp-content\/uploads\/2019\/03\/dolls-and-dolls-paola-reina-las-amigas-carla-foto-completa-04416.jpg\" alt=\"\" width=\"247\" height=\"247\" srcset=\"https:\/\/dollsanddolls.com\/blog\/wp-content\/uploads\/2019\/03\/dolls-and-dolls-paola-reina-las-amigas-carla-foto-completa-04416.jpg 750w, https:\/\/dollsanddolls.com\/blog\/wp-content\/uploads\/2019\/03\/dolls-and-dolls-paola-reina-las-amigas-carla-foto-completa-04416-150x150.jpg 150w, https:\/\/dollsanddolls.com\/blog\/wp-content\/uploads\/2019\/03\/dolls-and-dolls-paola-reina-las-amigas-carla-foto-completa-04416-300x300.jpg 300w, https:\/\/dollsanddolls.com\/blog\/wp-content\/uploads\/2019\/03\/dolls-and-dolls-paola-reina-las-amigas-carla-foto-completa-04416-75x75.jpg 75w, https:\/\/dollsanddolls.com\/blog\/wp-content\/uploads\/2019\/03\/dolls-and-dolls-paola-reina-las-amigas-carla-foto-completa-04416-740x740.jpg 740w\" sizes=\"(max-width: 247px) 100vw, 247px\" \/>Paola Reina sac\u00f3 hace poco su nueva colecci\u00f3n de <strong>Las Amigas<\/strong>; aqu\u00ed tambi\u00e9n podr\u00e1s encontrar varios modelos que destacar\u00e1n en tu colecci\u00f3n esta primavera, como el de Carol con su preciosa mochila o Carla con su diadema con flor. Las Amigas de Paola Reina tienen mucha fama alrededor del mundo, pues su reducido tama\u00f1o las hace muy coleccionables y f\u00e1ciles de manejar en el juego de los m\u00e1s peque\u00f1os de la casa. Puedes encontrarlas todas en nuestra tienda online haciendo click en el bot\u00f3n bajo estas l\u00edneas.<\/p>\n<p style=\"text-align: center;\"><a class=\"tw-button  custom blue large  shortcode\" href=\"https:\/\/dollsanddolls.com\/es\/paola-reina\/las-amigas\/?p=1\" >COMPRAR LAS AMIGAS<\/a>\n<p style=\"text-align: left;\">En cuanto al resto de marcas, hay mu\u00f1ecas primaverales para todos los gustos. Por ejemplo, puedes adquirir una moner\u00eda de mu\u00f1equita de la marca <strong>Anne Geddes<\/strong>, que representa un beb\u00e9 vestido de alg\u00fan animalito y que no ocupa mucho espacio; queda perfecta como elemento decorativo.\u00a0Si eres fan de <strong>Gurjuss<\/strong>, tambi\u00e9n podr\u00e1s encontrar mu\u00f1ecas primaverales de nueva temporada mon\u00edsimas, que quedar\u00e1n estupendas all\u00e1 donde quieras colocarlas. Si prefieres las mu\u00f1ecas tipo beb\u00e9, seguro que las <strong>Adora<\/strong> te acaban enamorando y encuentras alguna que case con aquello que estabas buscando. \u00a1Hay muchas posibilidades! Entra en nuestra tienda online y pas\u00e9ate por las diferentes marcas que trabajamos para poder encontrar tus mu\u00f1ecas y accesorios para primavera de una manera r\u00e1pida y sencilla.<\/p>\n<p style=\"text-align: center;\"><a target=\"_blank\" class=\"tw-button  custom blue large  shortcode\" href=\"https:\/\/dollsanddolls.com\/es\/marcas\/\" >COMPRAR MU\u00d1ECAS PRIMAVERALES<\/a>\n<hr \/>\n<h3><strong>ROPA Y ACCESORIOS<\/strong><\/h3>\n<p>Renovar el vestuario de nuestras mu\u00f1equitas en primavera es esencial y una actividad divertid\u00edsima. Esta \u00e9poca es perfecta para adquirir nuevos conjuntos para ellas, ya que los fabricantes suelen sacar a la luz los nuevos complementos que lucir\u00e1n esta temporada. Tanto en mu\u00f1ecas beb\u00e9 como en mu\u00f1ecas maniqu\u00ed podemos encontrar curiosas novedades por lo \u00faltimo mencionado.<\/p>\n<figure id=\"attachment_3446\" aria-describedby=\"caption-attachment-3446\" style=\"width: 299px\" class=\"wp-caption alignright\"><img loading=\"lazy\" decoding=\"async\" class=\"normal wp-image-3446\" title=\"Mu\u00f1ecas y accesorios para primavera de la marca As\u00ed\" src=\"https:\/\/dollsanddolls.com\/blog\/wp-content\/uploads\/2019\/03\/dolls-and-dolls-vestido-asi-maria-foto-completa-3404580.jpg\" alt=\"Mu\u00f1ecas y accesorios para primavera de la marca As\u00ed\" width=\"299\" height=\"299\" srcset=\"https:\/\/dollsanddolls.com\/blog\/wp-content\/uploads\/2019\/03\/dolls-and-dolls-vestido-asi-maria-foto-completa-3404580.jpg 750w, https:\/\/dollsanddolls.com\/blog\/wp-content\/uploads\/2019\/03\/dolls-and-dolls-vestido-asi-maria-foto-completa-3404580-150x150.jpg 150w, https:\/\/dollsanddolls.com\/blog\/wp-content\/uploads\/2019\/03\/dolls-and-dolls-vestido-asi-maria-foto-completa-3404580-300x300.jpg 300w, https:\/\/dollsanddolls.com\/blog\/wp-content\/uploads\/2019\/03\/dolls-and-dolls-vestido-asi-maria-foto-completa-3404580-75x75.jpg 75w, https:\/\/dollsanddolls.com\/blog\/wp-content\/uploads\/2019\/03\/dolls-and-dolls-vestido-asi-maria-foto-completa-3404580-740x740.jpg 740w\" sizes=\"(max-width: 299px) 100vw, 299px\" \/><figcaption id=\"caption-attachment-3446\" class=\"wp-caption-text\">Conjunto primavera &#8211; verano para mu\u00f1eca Mar\u00eda, marca As\u00ed<\/figcaption><\/figure>\n<p>La ropita de las mu\u00f1ecas beb\u00e9 pasa por <strong>abundar muchos estampados florales y geom\u00e9tricos<\/strong>, de peque\u00f1o dibujo que resalta el achuchable vinilo de las mu\u00f1ecas. La mayor\u00eda van acompa\u00f1ados de una torera para los momentos de m\u00e1s fr\u00edo. En general, la ropita primaveral suele destacar menos que la invernal, pues no tiene colores tan llamativos como los burdeos o mostaza, pero <strong>queda muy bien cuando se la colocamos a nuestras mu\u00f1ecas<\/strong>. Adem\u00e1s, renovarles el vestuario nos ayuda a cambiar las etapas del a\u00f1o psicol\u00f3gicamente y nos aliviar\u00e1 el estr\u00e9s. \u00a1Recuerda hacerlo!<\/p>\n<p>Para las mu\u00f1ecas maniqu\u00ed, el proceso de cambio de conjunto es similar, ya que comienzan tambi\u00e9n a abundar los estampados de flores y las <strong>telas como el lino o la gasa<\/strong>; fresquitas para que nuestra mu\u00f1eca no pase demasiado calor. Estos conjuntos, al igual que los de las mu\u00f1ecas beb\u00e9, tambi\u00e9n suelen estar acompa\u00f1ados de alg\u00fan tipo de abrigo o chaqueta para los d\u00edas frescos o de lluvia que acompa\u00f1an a la primavera.<\/p>\n<p>Para poder ver todos los accesorios y ropita que tenemos para mu\u00f1ecas beb\u00e9 y maniqu\u00ed, selecciona la marca que deseas y filtra por ropa, vestidos o zapatos dependiendo de la marca en la que te encuentres. Este suele ser un punto que las marcas fuertes no dejan descuidado, as\u00ed que podr\u00e1s encontrar gran variedad tanto de ropa como de accesorios de tus marcas favoritas para poder renovar el armario a tus mu\u00f1ecas esta temporada.<\/p>\n<hr \/>\n<h3><strong>COCHECITOS\u00a0<\/strong><\/h3>\n<figure id=\"attachment_3445\" aria-describedby=\"caption-attachment-3445\" style=\"width: 266px\" class=\"wp-caption alignright\"><img loading=\"lazy\" decoding=\"async\" class=\"normal wp-image-3445\" title=\"Mu\u00f1ecas y accesorios para primavera Arrue\" src=\"https:\/\/dollsanddolls.com\/blog\/wp-content\/uploads\/2019\/03\/PRESTIGIO-JR-ROSA.jpg\" alt=\"Mu\u00f1ecas y accesorios para primavera Arrue\" width=\"266\" height=\"199\" srcset=\"https:\/\/dollsanddolls.com\/blog\/wp-content\/uploads\/2019\/03\/PRESTIGIO-JR-ROSA.jpg 550w, https:\/\/dollsanddolls.com\/blog\/wp-content\/uploads\/2019\/03\/PRESTIGIO-JR-ROSA-300x225.jpg 300w\" sizes=\"(max-width: 266px) 100vw, 266px\" \/><figcaption id=\"caption-attachment-3445\" class=\"wp-caption-text\">Prestigio Jr. Rosa, marca Arrue<\/figcaption><\/figure>\n<p>Pasear ahora que comienza el buen tiempo apetece m\u00e1s que en cualquier otra \u00e9poca del a\u00f1o, por ello los peques suelen disfrutar mucho m\u00e1s un carrito para mu\u00f1ecas si se le regala en esta estaci\u00f3n. Los cochecitos de mu\u00f1ecas dependen mucho del car\u00e1cter del peque\u00f1\u00edn que lo vaya a llevar, independientemente de la moda del momento. <strong>Si el peque\u00f1o es inquieto<\/strong> y pasa por cualquier terreno, recomendamos la marca alemana <strong>Bayer Chic 2000<\/strong>, cuyas telas pueden resultar muy primaverales.<\/p>\n<p>Si, por el contrario, <strong>la calma es una de las cualidades del chiquit\u00edn<\/strong>, podemos recurrir a los elegantes cochecitos de<strong> <a href=\"https:\/\/dollsanddolls.com\/es\/arrue\/\" target=\"_blank\" rel=\"noopener noreferrer\">Arrue<\/a> y <a href=\"https:\/\/dollsanddolls.com\/es\/bebelux\/\" target=\"_blank\" rel=\"noopener noreferrer\">Bebelux<\/a><\/strong>. Tienen dise\u00f1os preciosos, as\u00ed como colores que van con todas las estaciones del a\u00f1o y algunos accesorios para que a la mu\u00f1eca no le falte nada durante los paseos.<\/p>\n<blockquote>\n<p style=\"text-align: center;\"><strong>Apres\u00farate para conseguir ya tus mu\u00f1ecas y accesorios para primavera y sorprende con un regalo especial o completa tu preciada colecci\u00f3n de mu\u00f1ecas.<\/strong><\/p>\n<hr \/>\n<\/blockquote>\n<p style=\"text-align: center;\">S\u00edguenos en las <strong>Redes Sociales<\/strong> para estar al d\u00eda de todas las novedades del mundo de la mu\u00f1eca y accesorios. \u00a1Tambi\u00e9n puedes suscribirte a nuestra Newsletter!<\/p>\n<p style=\"text-align: center;\"><a href=\"https:\/\/twitter.com\/DollsAndDolls\" class=\"tw-social-icon  twitter\" target=\"_self\" title=\"\" rel=\"noopener\"><\/a>\u00a0<a href=\"https:\/\/www.facebook.com\/DollsAndDolls\/\" class=\"tw-social-icon  facebook\" target=\"_self\" title=\"\" rel=\"noopener\"><\/a>\u00a0<a href=\"https:\/\/www.instagram.com\/munecasdollsanddolls\" class=\"tw-social-icon  instagram\" target=\"_self\" title=\"\" rel=\"noopener\"><\/a>\u00a0<a href=\"https:\/\/www.youtube.com\/channel\/UC1vQJySQhC4vxLX-Zd-_CNQ\" class=\"tw-social-icon  youtube\" target=\"_self\" title=\"\" rel=\"noopener\"><\/a>\n","protected":false},"excerpt":{"rendered":"<p>Ahora que se acerca el buen tiempo es hora de que pongas a punto tu colecci\u00f3n de mu\u00f1ecas. Te presentamos lo \u00faltimo en tendencias de mu\u00f1ecas y accesorios para primavera 2019. Tras el traj\u00edn de las Navidades, los fabricantes se apresuran para presentar sus novedades en ferias como la Spielwarenmesse, de N\u00fcremberg. Estas suelen tener&hellip;&nbsp;<a href=\"https:\/\/dollsanddolls.com\/blog\/munecas-y-accesorios-para-primavera\/\" class=\"\" rel=\"bookmark\">Leer m\u00e1s &raquo;<span class=\"screen-reader-text\">Mu\u00f1ecas y accesorios para primavera<\/span><\/a><\/p>\n","protected":false},"author":10,"featured_media":3451,"comment_status":"open","ping_status":"open","sticky":false,"template":"","format":"standard","meta":{"neve_meta_sidebar":"","neve_meta_container":"","neve_meta_enable_content_width":"","neve_meta_content_width":0,"neve_meta_title_alignment":"","neve_meta_author_avatar":"","neve_post_elements_order":"","neve_meta_disable_header":"","neve_meta_disable_footer":"","neve_meta_disable_title":"","footnotes":""},"categories":[466,467,468],"tags":[49,350,351,352],"class_list":["post-3435","post","type-post","status-publish","format-standard","has-post-thumbnail","hentry","category-munecas-maniquis","category-munecas-bebe","category-ropa-complementos","tag-munecas","tag-munecas-primavera","tag-accesorios","tag-accesorios-primavera"],"jetpack_featured_media_url":"https:\/\/dollsanddolls.com\/blog\/wp-content\/uploads\/2019\/03\/dolls-and-dolls-banner-asi-primavera-munecas.jpg","_links":{"self":[{"href":"https:\/\/dollsanddolls.com\/blog\/wp-json\/wp\/v2\/posts\/3435","targetHints":{"allow":["GET"]}}],"collection":[{"href":"https:\/\/dollsanddolls.com\/blog\/wp-json\/wp\/v2\/posts"}],"about":[{"href":"https:\/\/dollsanddolls.com\/blog\/wp-json\/wp\/v2\/types\/post"}],"author":[{"embeddable":true,"href":"https:\/\/dollsanddolls.com\/blog\/wp-json\/wp\/v2\/users\/10"}],"replies":[{"embeddable":true,"href":"https:\/\/dollsanddolls.com\/blog\/wp-json\/wp\/v2\/comments?post=3435"}],"version-history":[{"count":8,"href":"https:\/\/dollsanddolls.com\/blog\/wp-json\/wp\/v2\/posts\/3435\/revisions"}],"predecessor-version":[{"id":3449,"href":"https:\/\/dollsanddolls.com\/blog\/wp-json\/wp\/v2\/posts\/3435\/revisions\/3449"}],"wp:featuredmedia":[{"embeddable":true,"href":"https:\/\/dollsanddolls.com\/blog\/wp-json\/wp\/v2\/media\/3451"}],"wp:attachment":[{"href":"https:\/\/dollsanddolls.com\/blog\/wp-json\/wp\/v2\/media?parent=3435"}],"wp:term":[{"taxonomy":"category","embeddable":true,"href":"https:\/\/dollsanddolls.com\/blog\/wp-json\/wp\/v2\/categories?post=3435"},{"taxonomy":"post_tag","embeddable":true,"href":"https:\/\/dollsanddolls.com\/blog\/wp-json\/wp\/v2\/tags?post=3435"}],"curies":[{"name":"wp","href":"https:\/\/api.w.org\/{rel}","templated":true}]}}